{"id":3829,"date":"2016-06-20T09:20:13","date_gmt":"2016-06-20T09:20:13","guid":{"rendered":"http:\/\/www.farecentronews.com\/?p=3829"},"modified":"2016-06-20T10:16:21","modified_gmt":"2016-06-20T10:16:21","slug":"titolo","status":"publish","type":"post","link":"https:\/\/www.farecentronews.com\/?p=3829","title":{"rendered":"Malika Ayane. Anima multietnica e sensualit\u00e0"},"content":{"rendered":"<p>L&#8217;estate musicale dell&#8217;<em><strong>Auditorium Parco della Musica<\/strong><\/em> anche quest&#8217;anno ci conquista con <a href=\"http:\/\/www.auditorium.com\/eventi\/luglio\">Luglio Suona Bene<\/a>. Nutrito e ricco di note il programma organizzato nell&#8217;affascinante spazio della Cavea, sotto le stelle di Roma. Il 5, in particolare, \u00e8 la volta dell&#8217;<em><strong>Artista Malika Ayane<\/strong><\/em> che con la sua voce unica e la sua gestualit\u00e0 sensuale conquister\u00e0 tutto il pubblico romano, nello spettacolo \u201c<em><strong>Naif En Plein Air Tour 2016<\/strong><\/em>\u201d. Due le anime di \u201cNaif\u201d: una pi\u00f9 acustica, ispirata alle atmosfere delle<em> sale da ballo anni sessanta, al variet\u00e0 e ai ritmi tribali e caraibici<\/em>; l&#8217;altra pi\u00f9 urbana, caratterizzata da suoni elettrici e influenze della <em>club culture<\/em> fra Berlino e Londra. Uno spettacolo imperdibile, per rivivere da vicino tutta la magia del lavoro di studio. Sul palco una band speciale: <em><strong>Carlo Gaudiello<\/strong><\/em> (pianoforte), <strong><em>Marco Mariniello<\/em><\/strong> (basso), <em><strong>Leif Searcy<\/strong><\/em> (batteria), <em><strong>Stefano Brandoni<\/strong> <\/em>(chitarre), <em><strong>Giulia Monti<\/strong><\/em> (violoncello), <em><strong>Daniele Parziani<\/strong> <\/em>(violino), <em><strong>Moreno Falciani<\/strong><\/em>, <em><strong>Andrea Andreoli<\/strong><\/em> e <em><strong>Giampaolo Mazzamuto<\/strong><\/em> (fiati) e <em><strong>Daniele Di Gregorio<\/strong><\/em>\u00a0(percussioni). (ph_courtesy of Daniele Mignardi)<\/p>\n<p><em><strong>Marted\u00ec 5 Luglio 2016<\/strong><\/em><br \/>\n<em><strong>Auditorium Parco della Musica &#8211; Cavea<\/strong><\/em><br \/>\nVia P. de Coubertin, 30<br \/>\nApertura: ore 20.00_Inizio Concerto: ore 21.00<br \/>\nBiglietti: www.ticketone.it e prevendite abituali<br \/>\nInfo: Tel. 06-54220870 &#8211; Info diversamente abili: Tel. 06-54220870<br \/>\n<a href=\"http:\/\/www.the-base.it\">www.the-base.it<\/a><br \/>\n<a href=\"http:\/\/www.malikaayne.com\">www.malikaayne.com<\/a><\/p>\n","protected":false},"excerpt":{"rendered":"<p>L&#8217;estate musicale dell&#8217;Auditorium Parco della Musica anche quest&#8217;anno ci conquista con Luglio Suona Bene. Nutrito e ricco di note il programma organizzato nell&#8217;affascinante spazio della Cavea, sotto le stelle di Roma. Il 5, in particolare, \u00e8 la volta dell&#8217;Artista Malika Ayane che con la sua voce unica e la sua gestualit\u00e0 sensuale conquister\u00e0 tutto il [&hellip;]<\/p>\n","protected":false},"author":4,"featured_media":3830,"comment_status":"open","ping_status":"open","sticky":false,"template":"","format":"standard","meta":{"footnotes":""},"categories":[32,5],"tags":[1849,1841,77,1842,1851,1847,1850,1846,1845,442,1843,243,1848,1844],"class_list":["post-3829","post","type-post","status-publish","format-standard","has-post-thumbnail","hentry","category-concerti","category-musica-spettacolo","tag-andrea-andreoli","tag-artista-malika-ayane","tag-auditorium-parco-della-musica","tag-carlo-gaudiello","tag-daniele-di-gregorio","tag-daniele-parziani","tag-giampaolo-mazzamuto","tag-giulia-monti","tag-leif-searcy","tag-luglio-suona-bene","tag-marco-mariniello","tag-marina-de-benedictis","tag-moreno-falciani","tag-stefano-brandoni"],"_links":{"self":[{"href":"https:\/\/www.farecentronews.com\/index.php?rest_route=\/wp\/v2\/posts\/3829","targetHints":{"allow":["GET"]}}],"collection":[{"href":"https:\/\/www.farecentronews.com\/index.php?rest_route=\/wp\/v2\/posts"}],"about":[{"href":"https:\/\/www.farecentronews.com\/index.php?rest_route=\/wp\/v2\/types\/post"}],"author":[{"embeddable":true,"href":"https:\/\/www.farecentronews.com\/index.php?rest_route=\/wp\/v2\/users\/4"}],"replies":[{"embeddable":true,"href":"https:\/\/www.farecentronews.com\/index.php?rest_route=%2Fwp%2Fv2%2Fcomments&post=3829"}],"version-history":[{"count":6,"href":"https:\/\/www.farecentronews.com\/index.php?rest_route=\/wp\/v2\/posts\/3829\/revisions"}],"predecessor-version":[{"id":3837,"href":"https:\/\/www.farecentronews.com\/index.php?rest_route=\/wp\/v2\/posts\/3829\/revisions\/3837"}],"wp:featuredmedia":[{"embeddable":true,"href":"https:\/\/www.farecentronews.com\/index.php?rest_route=\/wp\/v2\/media\/3830"}],"wp:attachment":[{"href":"https:\/\/www.farecentronews.com\/index.php?rest_route=%2Fwp%2Fv2%2Fmedia&parent=3829"}],"wp:term":[{"taxonomy":"category","embeddable":true,"href":"https:\/\/www.farecentronews.com\/index.php?rest_route=%2Fwp%2Fv2%2Fcategories&post=3829"},{"taxonomy":"post_tag","embeddable":true,"href":"https:\/\/www.farecentronews.com\/index.php?rest_route=%2Fwp%2Fv2%2Ftags&post=3829"}],"curies":[{"name":"wp","href":"https:\/\/api.w.org\/{rel}","templated":true}]}}