{"id":3697,"date":"2016-05-20T07:17:59","date_gmt":"2016-05-20T07:17:59","guid":{"rendered":"http:\/\/www.farecentronews.com\/?p=3697"},"modified":"2016-05-20T07:17:59","modified_gmt":"2016-05-20T07:17:59","slug":"cento-passi-di-distanza-lettere-tra-amici","status":"publish","type":"post","link":"https:\/\/www.farecentronews.com\/?p=3697","title":{"rendered":"Cento passi di distanza. Lettere tra amici"},"content":{"rendered":"<p><img loading=\"lazy\" decoding=\"async\" class=\"alignleft size-medium wp-image-3701\" src=\"http:\/\/www.farecentronews.com\/wp-content\/uploads\/2016\/05\/44987180-80e3-4c7e-a47a-04d5e5ea6ce0-179x300.jpg\" alt=\"44987180-80e3-4c7e-a47a-04d5e5ea6ce0\" width=\"179\" height=\"300\" srcset=\"https:\/\/www.farecentronews.com\/wp-content\/uploads\/2016\/05\/44987180-80e3-4c7e-a47a-04d5e5ea6ce0-179x300.jpg 179w, https:\/\/www.farecentronews.com\/wp-content\/uploads\/2016\/05\/44987180-80e3-4c7e-a47a-04d5e5ea6ce0-768x1291.jpg 768w, https:\/\/www.farecentronews.com\/wp-content\/uploads\/2016\/05\/44987180-80e3-4c7e-a47a-04d5e5ea6ce0-609x1024.jpg 609w, https:\/\/www.farecentronews.com\/wp-content\/uploads\/2016\/05\/44987180-80e3-4c7e-a47a-04d5e5ea6ce0.jpg 1080w\" sizes=\"auto, (max-width: 179px) 100vw, 179px\" \/>Mercoledi 25 maggio alle 18.30 presso la <em><strong>Casa di Goethe<\/strong><\/em>, verr\u00e0 presentato il libro di Alfred Andersch e Max Frisch <em><strong>Cento passi di distanza &#8211; Lettere tra amici<\/strong><\/em>, a cura di \u00a0<em><strong>Jan B\u00fcrger<\/strong><\/em>. &#8220;<em>Talvolta sono soprattutto i momenti di tensione che ci fanno capire in che situazione si trovano le nostre relazioni<\/em>&#8220;. Cos\u00ec inizia la bella introduzione di Jan B\u00fcrger al breve ma intenso libro che raccoglie la corrispondenza fra due dei pi\u00f9 importanti rappresentanti della letteratura tedesca del secondo Novecento: <em><strong>Alfred Andersch<\/strong><\/em> (1914-1980) e <em><strong>Max Frisch<\/strong><\/em> (1911-1991); uniti, paradossalmente, da un piccolo paese nella Valle Onsernone dove i due solevano passare le estati: <em><strong>Berzona<\/strong><\/em> (oggi frazione di Isorno)<\/p>\n<p><em><strong>Mercoled\u00ec 25 maggio, 18.30\u00a0<\/strong><\/em><br \/>\n<em><strong>Casa di Goethe<\/strong><\/em><br \/>\nVia del Corso, 18<br \/>\ningresso libero<\/p>\n","protected":false},"excerpt":{"rendered":"<p>Mercoledi 25 maggio alle 18.30 presso la Casa di Goethe, verr\u00e0 presentato il libro di Alfred Andersch e Max Frisch Cento passi di distanza &#8211; Lettere tra amici, a cura di \u00a0Jan B\u00fcrger. &#8220;Talvolta sono soprattutto i momenti di tensione che ci fanno capire in che situazione si trovano le nostre relazioni&#8220;. Cos\u00ec inizia la [&hellip;]<\/p>\n","protected":false},"author":5,"featured_media":3700,"comment_status":"open","ping_status":"open","sticky":false,"template":"","format":"standard","meta":{"footnotes":""},"categories":[31,3],"tags":[1779,1781,186,1777,1778,1780],"class_list":["post-3697","post","type-post","status-publish","format-standard","has-post-thumbnail","hentry","category-appuntamenti-culturali","category-arte-cultura","tag-alfred-andersch","tag-berzona","tag-casa-di-goethe","tag-cento-passi-di-distanza-lettere-tra-amici","tag-jan-burger","tag-max-frisch"],"_links":{"self":[{"href":"https:\/\/www.farecentronews.com\/index.php?rest_route=\/wp\/v2\/posts\/3697","targetHints":{"allow":["GET"]}}],"collection":[{"href":"https:\/\/www.farecentronews.com\/index.php?rest_route=\/wp\/v2\/posts"}],"about":[{"href":"https:\/\/www.farecentronews.com\/index.php?rest_route=\/wp\/v2\/types\/post"}],"author":[{"embeddable":true,"href":"https:\/\/www.farecentronews.com\/index.php?rest_route=\/wp\/v2\/users\/5"}],"replies":[{"embeddable":true,"href":"https:\/\/www.farecentronews.com\/index.php?rest_route=%2Fwp%2Fv2%2Fcomments&post=3697"}],"version-history":[{"count":4,"href":"https:\/\/www.farecentronews.com\/index.php?rest_route=\/wp\/v2\/posts\/3697\/revisions"}],"predecessor-version":[{"id":3702,"href":"https:\/\/www.farecentronews.com\/index.php?rest_route=\/wp\/v2\/posts\/3697\/revisions\/3702"}],"wp:featuredmedia":[{"embeddable":true,"href":"https:\/\/www.farecentronews.com\/index.php?rest_route=\/wp\/v2\/media\/3700"}],"wp:attachment":[{"href":"https:\/\/www.farecentronews.com\/index.php?rest_route=%2Fwp%2Fv2%2Fmedia&parent=3697"}],"wp:term":[{"taxonomy":"category","embeddable":true,"href":"https:\/\/www.farecentronews.com\/index.php?rest_route=%2Fwp%2Fv2%2Fcategories&post=3697"},{"taxonomy":"post_tag","embeddable":true,"href":"https:\/\/www.farecentronews.com\/index.php?rest_route=%2Fwp%2Fv2%2Ftags&post=3697"}],"curies":[{"name":"wp","href":"https:\/\/api.w.org\/{rel}","templated":true}]}}