{"id":3501,"date":"2016-03-11T12:02:04","date_gmt":"2016-03-11T12:02:04","guid":{"rendered":"http:\/\/www.farecentronews.com\/?p=3501"},"modified":"2016-03-11T22:42:00","modified_gmt":"2016-03-11T22:42:00","slug":"note-di-solidarieta-e-di-speranza-per-commemorare-il-terremoto-in-giappone","status":"publish","type":"post","link":"https:\/\/www.farecentronews.com\/?p=3501","title":{"rendered":"Note di solidariet\u00e0 e di speranza per commemorare il terremoto in Giappone"},"content":{"rendered":"<p><img loading=\"lazy\" decoding=\"async\" class=\"alignleft size-medium wp-image-3512\" src=\"http:\/\/www.farecentronews.com\/wp-content\/uploads\/2016\/03\/12041100_10208648180391065_-300x200.jpg\" alt=\"12041100_10208648180391065_\" width=\"300\" height=\"200\" srcset=\"https:\/\/www.farecentronews.com\/wp-content\/uploads\/2016\/03\/12041100_10208648180391065_-300x200.jpg 300w, https:\/\/www.farecentronews.com\/wp-content\/uploads\/2016\/03\/12041100_10208648180391065_.jpg 700w\" sizes=\"auto, (max-width: 300px) 100vw, 300px\" \/>Grande affluenza di pubblico ieri sera alla <em><strong>Basilica di San Paolo Fuori le Mura<\/strong><\/em> per commemorare le vittime del terremoto e dello tsunami che sconvolse il Giappone orientale 5 anni fa. Nonostante la serata umida e piovosa, il pubblico romano ha risposto con entusiasmo e partecipazione a questo evento artistico di altissimo livello con una presenza (da fonti giapponesi) di circa 500 persone. Per un&#8217;ora e mezza le navate della Basilica hanno risuonato delle possenti voci dei cori <em><strong>San Carlo di Pesaro<\/strong><\/em> e dell&#8217;<em><strong>Hill&#8217;s Road Chorus di Tokyo<\/strong><\/em>, del supporto dell&#8217;<em><strong>Orchestra Sinfonica G. Rossini<\/strong><\/em> diretta dal Mo. <em><strong>Daniele Angiman<\/strong><\/em> e delle splendide voci soliste della soprano <strong><em>Yasko Fujii<\/em><\/strong>, della mezzosoprano <em><strong>Mayuko Sakurai<\/strong><\/em>, del tenore ed organizzatore del concerto <em><strong>Masahiro Shimba<\/strong><\/em> e del baritono <em><strong>Yoshitaka Murata <\/strong><\/em>nel &#8220;<em>Requiem&#8221;<\/em> di<em><strong> Mozart.<\/strong><\/em> Ospite d&#8217;eccezione il flautista <em><strong>Romano Pucci<\/strong><\/em> che ha eseguito in apertura la \u201c<em>Danza degli spiriti beati<\/em>\u201d, dall&#8217;Orfeo ed Euridice di C.W.Gluck. A completare la serata c&#8217;\u00e8 stata anche la performance di una giovane ed emozionatissima violinista sedicenne di Sendai, <strong><em>Akane Sugawara<\/em> <\/strong>che, accompagnata al pianoforte da <em><strong>Claudio Colapino<\/strong><\/em>, ha eseguito con bravura e sicurezza la \u201c<em>Sonata in Sol Minore<\/em>\u201d di H. Eccles. Una serata piena di ottima musica, di commozione e di speranza come ha sottolineato anche l&#8217;Ambasciatore giapponese presso la Santa Sede\u00a0<strong><em>Nagasaki<\/em><\/strong> nel suo semplice ma toccante discorso di apertura. Arrivederci quindi al prossimo anno, perch\u00e9 niente come la grande musica \u00e8 in grado di stimolare l&#8217;amicizia e la solidariet\u00e0 fra i popoli. (ph_ courtesy of Junko Hasegawa)<\/p>\n","protected":false},"excerpt":{"rendered":"<p>Grande affluenza di pubblico ieri sera alla Basilica di San Paolo Fuori le Mura per commemorare le vittime del terremoto e dello tsunami che sconvolse il Giappone orientale 5 anni fa. Nonostante la serata umida e piovosa, il pubblico romano ha risposto con entusiasmo e partecipazione a questo evento artistico di altissimo livello con una [&hellip;]<\/p>\n","protected":false},"author":3,"featured_media":3510,"comment_status":"open","ping_status":"open","sticky":false,"template":"","format":"standard","meta":{"footnotes":""},"categories":[32,5],"tags":[1682,239,1683,1681,1680,86,1581,1602,498,1576,1580,1679,417,816],"class_list":["post-3501","post","type-post","status-publish","format-standard","has-post-thumbnail","hentry","category-concerti","category-musica-spettacolo","tag-akane-sugawara","tag-carlo-valenti","tag-claudio-colapino","tag-daniele-angiman","tag-hills-road-chorus-di-tokyo","tag-in-evidenza","tag-masahiro-shimba","tag-mayuko-sakurai","tag-nagasaki","tag-orchestra-sinfonica-g-rossini","tag-romano-pucci","tag-san-carlo-di-pesaro","tag-yasko-fujii","tag-yoshitaka-murata"],"_links":{"self":[{"href":"https:\/\/www.farecentronews.com\/index.php?rest_route=\/wp\/v2\/posts\/3501","targetHints":{"allow":["GET"]}}],"collection":[{"href":"https:\/\/www.farecentronews.com\/index.php?rest_route=\/wp\/v2\/posts"}],"about":[{"href":"https:\/\/www.farecentronews.com\/index.php?rest_route=\/wp\/v2\/types\/post"}],"author":[{"embeddable":true,"href":"https:\/\/www.farecentronews.com\/index.php?rest_route=\/wp\/v2\/users\/3"}],"replies":[{"embeddable":true,"href":"https:\/\/www.farecentronews.com\/index.php?rest_route=%2Fwp%2Fv2%2Fcomments&post=3501"}],"version-history":[{"count":6,"href":"https:\/\/www.farecentronews.com\/index.php?rest_route=\/wp\/v2\/posts\/3501\/revisions"}],"predecessor-version":[{"id":3514,"href":"https:\/\/www.farecentronews.com\/index.php?rest_route=\/wp\/v2\/posts\/3501\/revisions\/3514"}],"wp:featuredmedia":[{"embeddable":true,"href":"https:\/\/www.farecentronews.com\/index.php?rest_route=\/wp\/v2\/media\/3510"}],"wp:attachment":[{"href":"https:\/\/www.farecentronews.com\/index.php?rest_route=%2Fwp%2Fv2%2Fmedia&parent=3501"}],"wp:term":[{"taxonomy":"category","embeddable":true,"href":"https:\/\/www.farecentronews.com\/index.php?rest_route=%2Fwp%2Fv2%2Fcategories&post=3501"},{"taxonomy":"post_tag","embeddable":true,"href":"https:\/\/www.farecentronews.com\/index.php?rest_route=%2Fwp%2Fv2%2Ftags&post=3501"}],"curies":[{"name":"wp","href":"https:\/\/api.w.org\/{rel}","templated":true}]}}